{"id":25991,"date":"2024-08-07T22:07:00","date_gmt":"2024-08-08T02:07:00","guid":{"rendered":"https:\/\/www.volarisgroup.com\/press-room\/ids-rejoint-le-groupe-volaris\/"},"modified":"2024-08-07T22:07:00","modified_gmt":"2024-08-08T02:07:00","slug":"ids-rejoint-le-groupe-volaris","status":"publish","type":"press-release","link":"https:\/\/www.volarisgroup.com\/fr\/press-room\/ids-rejoint-le-groupe-volaris\/","title":{"rendered":"IDS rejoint le groupe Volaris"},"content":{"rendered":"<p><strong>Toronto, ON &#8211; 8 ao\u00fbt 2024 &#8211;<\/strong> <a href=\"https:\/\/www.volarisgroup.com\" target=\"_blank\" rel=\"noopener\">Volaris Group<\/a> a annonc\u00e9 aujourd&rsquo;hui l&rsquo;acquisition d&rsquo;IDS, un fournisseur de solutions logicielles de gestion publique au Br\u00e9sil.<\/p>\n<p>IDS propose des solutions qui aident les municipalit\u00e9s \u00e0 g\u00e9rer leurs syst\u00e8mes de sant\u00e9, de protection sociale et d&rsquo;\u00e9ducation au profit des citoyens br\u00e9siliens. IDS est fi\u00e8re de fournir des produits et des services technologiques innovants avec une \u00e9quipe de professionnels d\u00e9vou\u00e9s offrant une exp\u00e9rience de service de premier ordre. <\/p>\n<p>\u00ab\u00a0Il s&rsquo;agit d&rsquo;une acquisition importante dans le domaine de la gestion publique au Br\u00e9sil, et nous sommes ravis d&rsquo;accueillir IDS au sein du groupe Volaris\u00a0\u00bb, a d\u00e9clar\u00e9 Henrique Barreto, chef de groupe. \u00ab\u00a0Le portefeuille de produits d&rsquo;IDS viendra compl\u00e9ter notre portefeuille existant pour le secteur public br\u00e9silien, offrant ainsi de nouvelles opportunit\u00e9s de croissance \u00e0 nos entreprises dans la r\u00e9gion.\u00a0\u00bb <\/p>\n<p>\u00ab\u00a0L&rsquo;accent mis sur la qualit\u00e9 qu&rsquo;IDS consacre \u00e0 ses produits commence par l&rsquo;\u00e9quipe particuli\u00e8rement talentueuse de la soci\u00e9t\u00e9, et nous sommes ravis de l&rsquo;aider \u00e0 poursuivre sa croissance dans ce nouveau chapitre\u00a0\u00bb, a d\u00e9clar\u00e9 Antonio Esp\u00edrito Santo, directeur de l&rsquo;int\u00e9gration Latam, qui sera responsable de l&rsquo;op\u00e9ration.<\/p>\n<p>\u00ab\u00a0Nous sommes tr\u00e8s heureux de faire partie du monde de Volaris et nous pensons sinc\u00e8rement que nous avons trouv\u00e9 la maison id\u00e9ale pour l&rsquo;avenir d&rsquo;IDS\u00a0\u00bb, a d\u00e9clar\u00e9 Mauri Dengo, actuel PDG d&rsquo;IDS.  &nbsp;<\/p>\n<p><span class=\"ui-provider a b c d e f g h i j k l m n o p q r s t u v w x y z ab ac ae af ag ah ai aj ak\" dir=\"ltr\">IDS continuera d&rsquo;op\u00e9rer en tant qu&rsquo;unit\u00e9 commerciale ind\u00e9pendante au sein du portefeuille Volaris Latam &amp; Iberia, sous l&rsquo;\u00e9gide du groupe Henrique Barreto, dirig\u00e9 par Puneet Soni.<\/span><\/p>\n<p><strong>A propos de Volaris Group<\/strong><br \/>Volaris acquiert, renforce et d\u00e9veloppe les entreprises technologiques des march\u00e9s verticaux. En tant que groupe d&rsquo;exploitation de Constellation Software Inc, Volaris s&rsquo;attache \u00e0 renforcer les entreprises sur les march\u00e9s o\u00f9 elles sont pr\u00e9sentes et \u00e0 leur permettre de se d\u00e9velopper, que ce soit par des mesures organiques telles que de nouvelles initiatives et le d\u00e9veloppement de produits, par des activit\u00e9s quotidiennes ou par des acquisitions compl\u00e9mentaires. Pour en savoir plus, consultez le site <a href=\"https:\/\/www.volarisgroup.com\" target=\"_blank\" rel=\"noopener\">www.volarisgroup.com&nbsp;<\/a>  <\/p>\n<p><strong>Pour plus d&rsquo;informations :<\/strong><br \/>Ryan Hill<br \/>Vice-pr\u00e9sident de la communication d&rsquo;entreprise du groupe Volaris<br \/>ryans.hill@volarisgroup.com&nbsp;<br \/>+1 416-831-0305<\/p>\n","protected":false},"author":16,"featured_media":0,"template":"","meta":{"_acf_changed":false,"_seopress_robots_primary_cat":"","_seopress_titles_title":"IDS rejoint le groupe Volaris","_seopress_titles_desc":"Le groupe Volaris a annonc\u00e9 aujourd'hui l'acquisition d'IDS, un fournisseur de solutions logicielles de gestion publique au Br\u00e9sil.","_seopress_robots_index":""},"tags":[],"pr-category":[714],"class_list":["post-25991","press-release","type-press-release","status-publish","hentry","pr-category-default-category"],"acf":[],"cp_meta_data":{"_wpml_media_duplicate":["1"],"_wpml_media_featured":["1"],"_top_nav_excluded":[""],"_cms_nav_minihome":[""],"_wp_page_template":["default"],"_seopress_titles_title":["IDS rejoint le groupe Volaris"],"_seopress_titles_desc":["Le groupe Volaris a annonc\u00e9 aujourd'hui l'acquisition d'IDS, un fournisseur de solutions logicielles de gestion publique au Br\u00e9sil."],"_seopress_redirections_logged_status":["\u00e0 la fois"],"_seopress_redirections_type":["301"]},"_links":{"self":[{"href":"https:\/\/www.volarisgroup.com\/fr\/wp-json\/wp\/v2\/press-release\/25991","targetHints":{"allow":["GET"]}}],"collection":[{"href":"https:\/\/www.volarisgroup.com\/fr\/wp-json\/wp\/v2\/press-release"}],"about":[{"href":"https:\/\/www.volarisgroup.com\/fr\/wp-json\/wp\/v2\/types\/press-release"}],"author":[{"embeddable":true,"href":"https:\/\/www.volarisgroup.com\/fr\/wp-json\/wp\/v2\/users\/16"}],"wp:attachment":[{"href":"https:\/\/www.volarisgroup.com\/fr\/wp-json\/wp\/v2\/media?parent=25991"}],"wp:term":[{"taxonomy":"post_tag","embeddable":true,"href":"https:\/\/www.volarisgroup.com\/fr\/wp-json\/wp\/v2\/tags?post=25991"},{"taxonomy":"pr-category","embeddable":true,"href":"https:\/\/www.volarisgroup.com\/fr\/wp-json\/wp\/v2\/pr-category?post=25991"}],"curies":[{"name":"wp","href":"https:\/\/api.w.org\/{rel}","templated":true}]}}