{"id":25840,"date":"2024-02-26T17:13:00","date_gmt":"2024-02-26T22:13:00","guid":{"rendered":"https:\/\/www.volarisgroup.com\/press-room\/volaris-acquiert-zeit-ag\/"},"modified":"2024-02-26T17:13:00","modified_gmt":"2024-02-26T22:13:00","slug":"volaris-acquiert-zeit-ag","status":"publish","type":"press-release","link":"https:\/\/www.volarisgroup.com\/fr\/press-room\/volaris-acquiert-zeit-ag\/","title":{"rendered":"Volaris acquiert Zeit AG"},"content":{"rendered":"<p style=\"text-align: center;\">\n<em>Fournit un logiciel de suivi du temps pour r\u00e9pondre \u00e0 des exigences strat\u00e9giques, op\u00e9rationnelles et r\u00e9glementaires complexes.<\/em><\/p>\n<p><strong>Le 22 f\u00e9vrier 2024 &#8211; Toronto, ON &#8211;<\/strong> <a href=\"https:\/\/www.volarisgroup.com\" target=\"_blank\" rel=\"noopener\">Volaris Group<\/a>, un chef de file mondial dans le domaine des logiciels pour march\u00e9s verticaux, a fi\u00e8rement annonc\u00e9 aujourd&rsquo;hui l&rsquo;acquisition de Zeit AG, un fournisseur de solutions de gestion des effectifs r\u00e9pondant aux besoins d&rsquo;organisations europ\u00e9ennes complexes.&nbsp;<\/p>\n<p>La technologie de Zeit permet aux clients de suivre le temps des employ\u00e9s et des projets, de planifier les effectifs et les \u00e9quipes, et de g\u00e9rer les pr\u00e9sences.<\/p>\n<p>Alice Luo, Chief Strategy Officer chez Volaris Group, a comment\u00e9 l&rsquo;acquisition en ces termes : \u00ab\u00a0Je me r\u00e9jouis de travailler avec Zeit AG pour continuer \u00e0 offrir une valeur croissante \u00e0 ses clients et soutenir sa mission d&rsquo;innovation en mati\u00e8re de suivi du temps et de gestion des effectifs. Les meilleures pratiques et les opportunit\u00e9s d&rsquo;apprentissage de Volaris peuvent aider Zeit \u00e0 se positionner pour le succ\u00e8s et la croissance.\u00a0\u00bb&nbsp;<\/p>\n<p>Fond\u00e9e en 1994 et ayant son si\u00e8ge dans la ville pittoresque de Sursee, en Suisse, Zeit AG a toujours \u00e9t\u00e9 \u00e0 la pointe de la technologie en mati\u00e8re de gestion du temps avec ses produits phares, ProLine et Bridge4ERP. Ces solutions, disponibles sous forme de SaaS ou de mod\u00e8le sur site, se distinguent par leur adaptabilit\u00e9 et leur large \u00e9ventail de fonctionnalit\u00e9s. &nbsp;<\/p>\n<p>Stefan M\u00fcller, PDG de Zeit AG, a d\u00e9clar\u00e9 : \u00ab\u00a0Notre solution modulaire de suivi des temps est con\u00e7ue pour \u00eatre un guichet unique pour tous les d\u00e9fis li\u00e9s \u00e0 la gestion du personnel et repr\u00e9sente notre engagement en mati\u00e8re d&rsquo;innovation et de satisfaction des clients. L&rsquo;approche du groupe Volaris consiste \u00e0 acheter et \u00e0 conserver les entreprises qu&rsquo;il acquiert &#8211; ce qui signifie que nos clients peuvent avoir confiance dans la stabilit\u00e9 de notre \u00e9quipe et de notre technologie.\u00a0\u00bb<\/p>\n<p>Zeit AG continuera \u00e0 fonctionner de mani\u00e8re ind\u00e9pendante sous la direction de Stefan M\u00fcller et de l&rsquo;\u00e9quipe dirigeante de Zeit AG.<\/p>\n<p><strong>A propos de Volaris Group<\/strong><br \/> Volaris acquiert, renforce et d\u00e9veloppe les entreprises technologiques des march\u00e9s verticaux. En tant que groupe d&rsquo;exploitation de Constellation Software Inc, Volaris s&rsquo;attache \u00e0 renforcer les entreprises sur les march\u00e9s o\u00f9 elles sont pr\u00e9sentes et \u00e0 leur permettre de se d\u00e9velopper, que ce soit par le biais de mesures organiques telles que de nouvelles initiatives et le d\u00e9veloppement de produits, d&rsquo;activit\u00e9s quotidiennes ou d&rsquo;acquisitions compl\u00e9mentaires. Pour en savoir plus, consultez le site <a href=\"https:\/\/www.volarisgroup.com\" target=\"_blank\" rel=\"noopener\">www.volarisgroup.com.<\/a>  <\/p>\n<p><strong>Pour plus d&rsquo;informations : <\/strong>&nbsp;<br \/> Ryan Hill<br \/> Volaris Group<br \/> T\u00e9l. :<a href=\"tel:1%20416-831-0305\">+1 416-831-0305<\/a><br \/><a href=\"mailto:ryans.hill@volarisgroup.com\">ryans.hill@volarisgroup.com<\/a><\/p>\n<p><strong>Contact m\u00e9dias pour Zeit AG :<\/strong><br \/> Alexander Dominik<br \/> Chef du marketing &#8211; Zeit AG<br \/> Tel :<a href=\"tel:41%2078%20232%209873\">+41 78 232 9873<\/a><br \/><a href=\"mailto:alexander.dominik@zeitag.ch\">alexander.dominik@zeitag.ch<\/a><\/p>\n","protected":false},"author":16,"featured_media":0,"template":"","meta":{"_acf_changed":false,"_seopress_robots_primary_cat":"","_seopress_titles_title":"Volaris acquiert Zeit AG","_seopress_titles_desc":"Volaris Group a acquis Zeit AG, un fournisseur de solutions de gestion du personnel r\u00e9pondant aux besoins des organisations europ\u00e9ennes complexes.","_seopress_robots_index":""},"tags":[],"pr-category":[714],"class_list":["post-25840","press-release","type-press-release","status-publish","hentry","pr-category-default-category"],"acf":[],"cp_meta_data":{"_wpml_media_duplicate":["1"],"_wpml_media_featured":["1"],"_top_nav_excluded":[""],"_cms_nav_minihome":[""],"_wp_page_template":["default"],"_seopress_titles_title":["Volaris acquiert Zeit AG"],"_seopress_titles_desc":["Volaris Group a acquis Zeit AG, un fournisseur de solutions de gestion du personnel r\u00e9pondant aux besoins des organisations europ\u00e9ennes complexes."],"_seopress_redirections_logged_status":["\u00e0 la fois"],"_seopress_redirections_type":["301"]},"_links":{"self":[{"href":"https:\/\/www.volarisgroup.com\/fr\/wp-json\/wp\/v2\/press-release\/25840","targetHints":{"allow":["GET"]}}],"collection":[{"href":"https:\/\/www.volarisgroup.com\/fr\/wp-json\/wp\/v2\/press-release"}],"about":[{"href":"https:\/\/www.volarisgroup.com\/fr\/wp-json\/wp\/v2\/types\/press-release"}],"author":[{"embeddable":true,"href":"https:\/\/www.volarisgroup.com\/fr\/wp-json\/wp\/v2\/users\/16"}],"wp:attachment":[{"href":"https:\/\/www.volarisgroup.com\/fr\/wp-json\/wp\/v2\/media?parent=25840"}],"wp:term":[{"taxonomy":"post_tag","embeddable":true,"href":"https:\/\/www.volarisgroup.com\/fr\/wp-json\/wp\/v2\/tags?post=25840"},{"taxonomy":"pr-category","embeddable":true,"href":"https:\/\/www.volarisgroup.com\/fr\/wp-json\/wp\/v2\/pr-category?post=25840"}],"curies":[{"name":"wp","href":"https:\/\/api.w.org\/{rel}","templated":true}]}}